{"id":52823,"date":"2025-02-14T16:44:21","date_gmt":"2025-02-14T13:44:21","guid":{"rendered":"https:\/\/mehmetcaglikulekci.com\/?p=52823"},"modified":"2026-04-28T16:07:00","modified_gmt":"2026-04-28T13:07:00","slug":"safra-kesesi-kanseri","status":"publish","type":"post","link":"https:\/\/mehmetcaglikulekci.com\/ru\/safra-kesesi-kanseri\/","title":{"rendered":"Safra Kesesi Kanseri"},"content":{"rendered":"<p data-block-id=\"54433bf1-1527-4fb7-8733-c1b0696fa0c2\">Sindirim sistemini etkileyen hastal\u0131klardan biri <strong>safra kesesi kanseri<\/strong> olarak bilinir. Bu hastal\u0131k safra kesesinde geli\u015fen anormal h\u00fccre b\u00fcy\u00fcmesi ile ortaya \u00e7\u0131kar. Erken d\u00f6nemde belirti vermeyebilir ve bu nedenle fark edilmesi zor olabilir. Kar\u0131n a\u011fr\u0131s\u0131, mide bulant\u0131s\u0131 ve i\u015ftahs\u0131zl\u0131k baz\u0131 belirtiler aras\u0131nda yer alabilir. \u0130leri d\u00f6nemlerde sar\u0131l\u0131k ve kilo kayb\u0131 gibi \u015fik\u00e2yetler g\u00f6r\u00fclebilir. Erken tan\u0131, tedavi s\u00fcrecinin planlanmas\u0131nda \u00f6nemli bir rol oynar.<\/p>\n<h2 data-block-id=\"5cbcf3a9-dc50-4ba3-ac47-f5692b754626\">Safra Kesesi Kanseri Belirtileri Ve Nedenleri<\/h2>\n<p><img fetchpriority=\"high\" decoding=\"async\" class=\"wp-image-53434 alignleft\" src=\"https:\/\/mehmetcaglikulekci.com\/wp-content\/uploads\/2025\/02\/safra-kesesi-kanseri-3_1200x628.jpg\" alt=\"Safra Kesesi Kanseri\" width=\"380\" height=\"199\" srcset=\"https:\/\/mehmetcaglikulekci.com\/wp-content\/uploads\/2025\/02\/safra-kesesi-kanseri-3_1200x628.jpg 1200w, https:\/\/mehmetcaglikulekci.com\/wp-content\/uploads\/2025\/02\/safra-kesesi-kanseri-3_1200x628-400x209.jpg 400w, https:\/\/mehmetcaglikulekci.com\/wp-content\/uploads\/2025\/02\/safra-kesesi-kanseri-3_1200x628-1024x536.jpg 1024w, https:\/\/mehmetcaglikulekci.com\/wp-content\/uploads\/2025\/02\/safra-kesesi-kanseri-3_1200x628-768x402.jpg 768w, https:\/\/mehmetcaglikulekci.com\/wp-content\/uploads\/2025\/02\/safra-kesesi-kanseri-3_1200x628-18x9.jpg 18w\" sizes=\"(max-width: 380px) 100vw, 380px\" \/><\/p>\n<p data-block-id=\"3a33f983-851c-4e17-8f95-dc69b29c500c\">Safra kesesi, karaci\u011ferin alt\u0131nda bulunan k\u00fc\u00e7\u00fck bir organd\u0131r. Sindirim s\u0131ras\u0131nda kullan\u0131lan safray\u0131 depolar ve gerekti\u011finde ba\u011f\u0131rsa\u011fa g\u00f6nderir. Bu organla ilgili baz\u0131 hastal\u0131klar erken d\u00f6nemde belirti vermeyebilir. Bu nedenle sorunlar bazen ge\u00e7 fark edilebilir. Kar\u0131n b\u00f6lgesinde a\u011fr\u0131, mide bulant\u0131s\u0131 veya i\u015ftahs\u0131zl\u0131k gibi \u015fik\u00e2yetler baz\u0131 ki\u015filerde g\u00f6r\u00fclebilir. Ayr\u0131ca haz\u0131ms\u0131zl\u0131k ve \u015fi\u015fkinlik hissi de dikkat \u00e7eken belirtiler aras\u0131nda yer alabilir.<\/p>\n<p data-block-id=\"1129adf1-0016-44e4-8453-e8426bd4e49d\">Baz\u0131 durumlarda <strong>safra kesesi kanseri<\/strong> erken evrede belirgin belirtiler g\u00f6stermeyebilir. Hastal\u0131k ilerledik\u00e7e baz\u0131 \u015fik\u00e2yetler daha belirgin hale gelebilir. Sa\u011f \u00fcst kar\u0131n b\u00f6lgesinde a\u011fr\u0131 s\u0131k g\u00f6r\u00fclen belirtilerden biridir. Bunun yan\u0131nda mide bulant\u0131s\u0131, kusma ve i\u015ftahs\u0131zl\u0131k da g\u00f6r\u00fclebilir. Baz\u0131 ki\u015filerde a\u00e7\u0131klanamayan kilo kayb\u0131 ortaya \u00e7\u0131kabilir. Sar\u0131l\u0131k ise hastal\u0131\u011f\u0131n ileri d\u00f6nemlerinde g\u00f6r\u00fclebilen \u00f6nemli belirtilerden biridir. Ciltte ve g\u00f6z aklar\u0131nda sararma olu\u015fabilir.<\/p>\n<p data-block-id=\"b2376021-48e3-485f-b953-568ee6e30df7\">Safra kesesi hastal\u0131klar\u0131n\u0131n ortaya \u00e7\u0131kmas\u0131nda \u00e7e\u015fitli risk fakt\u00f6rleri rol oynayabilir. Safra ta\u015flar\u0131 en s\u0131k g\u00f6r\u00fclen risk fakt\u00f6rlerinden biridir. Uzun s\u00fcre devam eden safra kesesi iltihaplar\u0131 da riski art\u0131rabilir. Bunun yan\u0131nda ileri ya\u015f, obezite ve baz\u0131 genetik fakt\u00f6rler de etkili olabilir. Sa\u011fl\u0131ks\u0131z beslenme al\u0131\u015fkanl\u0131klar\u0131 ve y\u00fcksek ya\u011fl\u0131 diyetler de risk fakt\u00f6rleri aras\u0131nda yer alabilir. Bu nedenle dengeli beslenme ve d\u00fczenli sa\u011fl\u0131k kontrolleri \u00f6nemlidir.<\/p>\n<p data-block-id=\"c34d64be-041d-4424-91f0-3970acad018f\">\u0130leri d\u00f6nemlerde daha belirgin sa\u011fl\u0131k sorunlar\u0131 ortaya \u00e7\u0131kabilir. Bu s\u00fcre\u00e7te <strong>safra kesesi kanseri<\/strong> baz\u0131 ciddi belirtilerle kendini g\u00f6sterebilir. Kar\u0131n a\u011fr\u0131s\u0131 daha \u015fiddetli hale gelebilir. Sar\u0131l\u0131k, ciltte ka\u015f\u0131nt\u0131 ve koyu renkli idrar gibi belirtiler g\u00f6r\u00fclebilir. Ayr\u0131ca s\u00fcrekli yorgunluk hissi ve i\u015ftahs\u0131zl\u0131k da ortaya \u00e7\u0131kabilir. Bu t\u00fcr belirtiler fark edildi\u011finde vakit kaybetmeden bir sa\u011fl\u0131k kurulu\u015funa ba\u015fvurmak \u00f6nemlidir. Erken tan\u0131, tedavi s\u00fcrecinin planlanmas\u0131nda \u00f6nemli bir rol oynayabilir.<\/p>\n<h3 data-block-id=\"a9b7a5b7-d559-44a9-ba0a-09804598fed6\">Safra Kesesi Kanseri Kimlerde G\u00f6r\u00fcl\u00fcr?<\/h3>\n<p data-block-id=\"241a37ba-8ee5-4161-afc6-ba882b7d8297\">Safra kesesi, sindirim sisteminde \u00f6nemli bir g\u00f6reve sahip olan k\u00fc\u00e7\u00fck bir organd\u0131r. Karaci\u011ferde \u00fcretilen safray\u0131 depolar ve sindirim s\u0131ras\u0131nda ince ba\u011f\u0131rsa\u011fa g\u00f6nderir. Bu organla ilgili baz\u0131 hastal\u0131klar zamanla geli\u015febilir. Safra kesesi hastal\u0131klar\u0131 her ya\u015f grubunda g\u00f6r\u00fclebilir. Ancak baz\u0131 ki\u015filerde risk daha y\u00fcksek olabilir. Ya\u015fam tarz\u0131, beslenme al\u0131\u015fkanl\u0131klar\u0131 ve baz\u0131 sa\u011fl\u0131k sorunlar\u0131 bu risk \u00fczerinde etkili olabilir. Bu nedenle risk fakt\u00f6rlerini bilmek ve d\u00fczenli sa\u011fl\u0131k kontrolleri yapt\u0131rmak \u00f6nemlidir.<\/p>\n<p data-block-id=\"26df6a12-3b20-4077-96c7-4e3d8bf558e6\">Baz\u0131 ki\u015filer safra kesesi hastal\u0131klar\u0131na kar\u015f\u0131 daha yatk\u0131n olabilir. \u00d6zellikle safra ta\u015f\u0131 bulunan ki\u015filerde risk artabilir. Uzun s\u00fcre devam eden safra kesesi iltihaplar\u0131 da baz\u0131 sa\u011fl\u0131k sorunlar\u0131n\u0131n geli\u015fmesine zemin haz\u0131rlayabilir. Bunun yan\u0131nda ileri ya\u015f da \u00f6nemli bir risk fakt\u00f6r\u00fcd\u00fcr. Obezite ve y\u00fcksek ya\u011fl\u0131 beslenme al\u0131\u015fkanl\u0131klar\u0131 da safra kesesi sa\u011fl\u0131\u011f\u0131n\u0131 olumsuz etkileyebilir. Ayr\u0131ca baz\u0131 genetik fakt\u00f6rler de riskin artmas\u0131na neden olabilir. Bu nedenle sa\u011fl\u0131kl\u0131 beslenme al\u0131\u015fkanl\u0131klar\u0131 kazanmak ve d\u00fczenli kontroller yapt\u0131rmak \u00f6nemlidir.<\/p>\n<p data-block-id=\"468b9417-9ea8-4063-aef7-1e24f6ad4a26\">Baz\u0131 durumlarda <strong>safra kesesi kanseri<\/strong> belirli risk gruplar\u0131nda daha s\u0131k g\u00f6r\u00fclebilir. Safra ta\u015f\u0131 hastal\u0131\u011f\u0131 olan ki\u015filerde bu risk daha y\u00fcksek olabilir. Uzun s\u00fcreli safra kesesi iltihaplar\u0131 da risk fakt\u00f6rleri aras\u0131nda yer al\u0131r. Bunun yan\u0131nda ileri ya\u015fta g\u00f6r\u00fclen baz\u0131 safra kesesi hastal\u0131klar\u0131 da riski art\u0131rabilir. Kad\u0131nlarda safra kesesi hastal\u0131klar\u0131n\u0131n daha s\u0131k g\u00f6r\u00fclmesi de \u00f6nemli bir fakt\u00f6r olabilir. Ayr\u0131ca obezite ve d\u00fczensiz beslenme al\u0131\u015fkanl\u0131klar\u0131 da risk \u00fczerinde etkili olabilir.<\/p>\n<p data-block-id=\"35f69065-fc24-426f-8c5b-5efdf5ef565b\">Risk fakt\u00f6rlerinin bilinmesi hastal\u0131\u011f\u0131n erken fark edilmesi a\u00e7\u0131s\u0131ndan \u00f6nemlidir. Sa\u011fl\u0131kl\u0131 beslenme al\u0131\u015fkanl\u0131klar\u0131 kazanmak ve d\u00fczenli egzersiz yapmak genel sa\u011fl\u0131k i\u00e7in faydal\u0131d\u0131r. Bunun yan\u0131nda d\u00fczenli sa\u011fl\u0131k kontrolleri de olas\u0131 sorunlar\u0131n erken d\u00f6nemde fark edilmesine yard\u0131mc\u0131 olabilir. Safra kesesi ile ilgili \u015fik\u00e2yetler ortaya \u00e7\u0131kt\u0131\u011f\u0131nda bir sa\u011fl\u0131k kurulu\u015funa ba\u015fvurmak gerekir. Erken de\u011ferlendirme sayesinde gerekli tetkikler yap\u0131labilir.<\/p>\n<h3 data-block-id=\"7f7e352b-7b2f-439b-b948-a6d771bb65b2\">Safra Kesesi Kanseri Tedavi Y\u00f6ntemleri Nelerdir?<\/h3>\n<p><img decoding=\"async\" class=\"wp-image-53435 alignright\" src=\"https:\/\/mehmetcaglikulekci.com\/wp-content\/uploads\/2025\/02\/safra-kesesi-kanseri-1_1200x628.jpg\" alt=\"Safra Kesesi Kanseri\" width=\"380\" height=\"199\" srcset=\"https:\/\/mehmetcaglikulekci.com\/wp-content\/uploads\/2025\/02\/safra-kesesi-kanseri-1_1200x628.jpg 1200w, https:\/\/mehmetcaglikulekci.com\/wp-content\/uploads\/2025\/02\/safra-kesesi-kanseri-1_1200x628-400x209.jpg 400w, https:\/\/mehmetcaglikulekci.com\/wp-content\/uploads\/2025\/02\/safra-kesesi-kanseri-1_1200x628-1024x536.jpg 1024w, https:\/\/mehmetcaglikulekci.com\/wp-content\/uploads\/2025\/02\/safra-kesesi-kanseri-1_1200x628-768x402.jpg 768w, https:\/\/mehmetcaglikulekci.com\/wp-content\/uploads\/2025\/02\/safra-kesesi-kanseri-1_1200x628-18x9.jpg 18w\" sizes=\"(max-width: 380px) 100vw, 380px\" \/><\/p>\n<p data-block-id=\"467535a2-4d22-4d42-988d-ba9aeaf81148\">Safra kesesi hastal\u0131klar\u0131 baz\u0131 durumlarda ciddi sa\u011fl\u0131k sorunlar\u0131na yol a\u00e7abilir. Bu nedenle erken tan\u0131 ve do\u011fru tedavi plan\u0131 b\u00fcy\u00fck \u00f6nem ta\u015f\u0131r. Tedavi y\u00f6ntemi belirlenirken hastal\u0131\u011f\u0131n evresi, ki\u015finin genel sa\u011fl\u0131k durumu ve hastal\u0131\u011f\u0131n yay\u0131l\u0131m\u0131 dikkate al\u0131n\u0131r. Doktorlar genellikle ayr\u0131nt\u0131l\u0131 muayene ve g\u00f6r\u00fcnt\u00fcleme y\u00f6ntemleri ile hastal\u0131\u011f\u0131n durumunu de\u011ferlendirir. Ultrason, tomografi ve baz\u0131 kan testleri tan\u0131 s\u00fcrecinde yard\u0131mc\u0131 olabilir.<\/p>\n<p data-block-id=\"0508fab5-e299-4e3c-bab2-38cf7e224752\">Baz\u0131 durumlarda tedavide cerrahi y\u00f6ntemler tercih edilebilir. <strong>Safra kesesi kanseri<\/strong> erken evrede tespit edildi\u011finde ameliyat de\u011ferlendirilir. Bu s\u00fcre\u00e7te safra kesesinin al\u0131nmas\u0131 en s\u0131k uygulanan y\u00f6ntemlerden biridir. \u0130\u015flem genellikle cerrahi m\u00fcdahale ile ger\u00e7ekle\u015ftirilir. Ama\u00e7 hastal\u0131kl\u0131 dokunun v\u00fccuttan \u00e7\u0131kar\u0131lmas\u0131d\u0131r. Baz\u0131 durumlarda \u00e7evre dokular\u0131n da de\u011ferlendirilmesi gerekebilir. Cerrahi tedavi hastal\u0131\u011f\u0131n yay\u0131l\u0131m\u0131na g\u00f6re planlan\u0131r.<\/p>\n<p data-block-id=\"6f1c0f9f-ba88-4e5b-abbd-006dd28e36f6\">Tedavinin uygun olmad\u0131\u011f\u0131 durumlar olabilir. \u0130leri evrede ise farkl\u0131 tedavi se\u00e7enekleri de\u011ferlendirilir. Kemoterapi bu y\u00f6ntemlerden biridir. Bu tedavi y\u00f6ntemi kanser h\u00fccrelerinin b\u00fcy\u00fcmesini yava\u015flatmay\u0131 ama\u00e7lar. Baz\u0131 hastalarda radyoterapi de tedavi plan\u0131na dahil edilebilir. Radyoterapi y\u00fcksek enerjili \u0131\u015f\u0131nlar kullanarak kanserli h\u00fccreleri hedef al\u0131r.<\/p>\n<p data-block-id=\"846bad0f-07b1-407d-95f8-c89879d377f3\">Tedavi s\u00fcrecinde d\u00fczenli doktor kontrolleri b\u00fcy\u00fck \u00f6nem ta\u015f\u0131r. Hastalar\u0131n tedaviye verdi\u011fi yan\u0131t d\u00fczenli olarak de\u011ferlendirilir. Bunun yan\u0131nda beslenme d\u00fczeni ve genel sa\u011fl\u0131k durumu da yak\u0131ndan takip edilir. Tedavi plan\u0131 her hasta i\u00e7in farkl\u0131 olabilir ve ki\u015fiye \u00f6zel olarak haz\u0131rlan\u0131r. Bu nedenle uzman doktor \u00f6nerilerine uymak \u00f6nemlidir.<\/p>\n<h3 data-block-id=\"02584131-1d1f-4194-b8bb-67e90ff4d2ae\">Safra Kesesi Kanseri Tedavi Sonras\u0131 S\u00fcre\u00e7 Nas\u0131ld\u0131r?<\/h3>\n<p data-block-id=\"1cd7f777-d4ff-4d7c-a855-639f56f8edac\">Safra kesesi ile ilgili hastal\u0131klar\u0131n tedavisinden sonra hastalar\u0131n d\u00fczenli takip s\u00fcreci \u00f6nem ta\u015f\u0131r. Tedavi tamamland\u0131ktan sonra ki\u015finin genel sa\u011fl\u0131k durumu yak\u0131ndan izlenir. Bu s\u00fcre\u00e7te doktor kontrolleri belirli aral\u0131klarla yap\u0131l\u0131r. Ama\u00e7, iyile\u015fme s\u00fcrecini de\u011ferlendirmek ve olas\u0131 sorunlar\u0131 erken d\u00f6nemde fark etmektir. Hastalar\u0131n bu d\u00f6nemde doktorun \u00f6nerilerine uymas\u0131 olduk\u00e7a \u00f6nemlidir. Ayr\u0131ca beslenme d\u00fczeni ve ya\u015fam al\u0131\u015fkanl\u0131klar\u0131 da iyile\u015fme s\u00fcrecini etkileyebilir.<\/p>\n<p data-block-id=\"43b86635-54ee-48cf-94f5-686d064a7b09\">Tedavi sonras\u0131nda baz\u0131 ki\u015filerde v\u00fccut yeni duruma uyum sa\u011flamaya \u00e7al\u0131\u015fabilir. \u00d6zellikle ameliyat sonras\u0131 d\u00f6nemde sindirim sistemi farkl\u0131 tepkiler verebilir. Bu nedenle hafif ve dengeli bir beslenme plan\u0131 \u00f6nerilebilir. Ya\u011f oran\u0131 y\u00fcksek yiyeceklerden uzak durmak baz\u0131 hastalar i\u00e7in faydal\u0131 olabilir. Bunun yan\u0131nda bol su t\u00fcketmek ve d\u00fczenli \u00f6\u011f\u00fcnler t\u00fcketmek sindirim sistemini destekleyebilir.<\/p>\n<p data-block-id=\"f1f86051-0ec6-4406-8daa-0afb598ff248\">Takip s\u00fcrecinde d\u00fczenli kontroller \u00f6nemli bir yer tutar. Doktorlar belirli aral\u0131klarla \u00e7e\u015fitli testler ve g\u00f6r\u00fcnt\u00fcleme y\u00f6ntemleri isteyebilir. Bu kontroller hastal\u0131\u011f\u0131n seyrini de\u011ferlendirmek i\u00e7in yap\u0131l\u0131r. Ayr\u0131ca hastan\u0131n genel sa\u011fl\u0131k durumu da yak\u0131ndan takip edilir. Fiziksel aktivite ve sa\u011fl\u0131kl\u0131 ya\u015fam al\u0131\u015fkanl\u0131klar\u0131 da bu d\u00f6nemde \u00f6nem kazan\u0131r.<\/p>\n<p data-block-id=\"29d376f7-b05c-4739-966e-4a66b69553a8\">Uzun vadede sa\u011fl\u0131kl\u0131 ya\u015fam al\u0131\u015fkanl\u0131klar\u0131 iyile\u015fme s\u00fcrecini olumlu etkileyebilir. Dengeli beslenme, d\u00fczenli kontroller ve doktor \u00f6nerilerine uyum bu s\u00fcre\u00e7te \u00f6nemlidir. Ayr\u0131ca v\u00fccuttaki yeni veya farkl\u0131 belirtilerin dikkate al\u0131nmas\u0131 gerekir. Bu t\u00fcr durumlarda vakit kaybetmeden doktora ba\u015fvurmak \u00f6nemlidir. <strong>Safra kesesi kanseri<\/strong> ile ilgili takip s\u00fcreci d\u00fczenli \u015fekilde devam ettirilmelidir.<\/p>","protected":false},"excerpt":{"rendered":"<p>Sindirim sistemini etkileyen hastal\u0131klardan biri safra kesesi kanseri olarak bilinir. Bu hastal\u0131k safra kesesinde geli\u015fen anormal h\u00fccre b\u00fcy\u00fcmesi ile ortaya \u00e7\u0131kar. Erken d\u00f6nemde belirti vermeyebilir ve bu nedenle fark edilmesi zor olabilir. Kar\u0131n a\u011fr\u0131s\u0131, mide bulant\u0131s\u0131 ve i\u015ftahs\u0131zl\u0131k baz\u0131 belirtiler aras\u0131nda yer alabilir. \u0130leri d\u00f6nemlerde sar\u0131l\u0131k ve kilo kayb\u0131 gibi \u015fik\u00e2yetler g\u00f6r\u00fclebilir. Erken tan\u0131, tedavi [&hellip;]<\/p>","protected":false},"author":1,"featured_media":53436,"comment_status":"closed","ping_status":"open","sticky":false,"template":"","format":"standard","meta":{"_acf_changed":false,"footnotes":""},"categories":[1],"tags":[],"class_list":["post-52823","post","type-post","status-publish","format-standard","has-post-thumbnail","hentry","category-genel"],"acf":[],"_links":{"self":[{"href":"https:\/\/mehmetcaglikulekci.com\/ru\/wp-json\/wp\/v2\/posts\/52823","targetHints":{"allow":["GET"]}}],"collection":[{"href":"https:\/\/mehmetcaglikulekci.com\/ru\/wp-json\/wp\/v2\/posts"}],"about":[{"href":"https:\/\/mehmetcaglikulekci.com\/ru\/wp-json\/wp\/v2\/types\/post"}],"author":[{"embeddable":true,"href":"https:\/\/mehmetcaglikulekci.com\/ru\/wp-json\/wp\/v2\/users\/1"}],"replies":[{"embeddable":true,"href":"https:\/\/mehmetcaglikulekci.com\/ru\/wp-json\/wp\/v2\/comments?post=52823"}],"version-history":[{"count":0,"href":"https:\/\/mehmetcaglikulekci.com\/ru\/wp-json\/wp\/v2\/posts\/52823\/revisions"}],"wp:featuredmedia":[{"embeddable":true,"href":"https:\/\/mehmetcaglikulekci.com\/ru\/wp-json\/wp\/v2\/media\/53436"}],"wp:attachment":[{"href":"https:\/\/mehmetcaglikulekci.com\/ru\/wp-json\/wp\/v2\/media?parent=52823"}],"wp:term":[{"taxonomy":"category","embeddable":true,"href":"https:\/\/mehmetcaglikulekci.com\/ru\/wp-json\/wp\/v2\/categories?post=52823"},{"taxonomy":"post_tag","embeddable":true,"href":"https:\/\/mehmetcaglikulekci.com\/ru\/wp-json\/wp\/v2\/tags?post=52823"}],"curies":[{"name":"wp","href":"https:\/\/api.w.org\/{rel}","templated":true}]}}